{"id":1,"date":"2024-10-02T16:48:21","date_gmt":"2024-10-02T16:48:21","guid":{"rendered":"https:\/\/stacjarewitalizacja.pl\/?p=1"},"modified":"2025-02-26T12:51:28","modified_gmt":"2025-02-26T12:51:28","slug":"co-to-za-miejsce","status":"publish","type":"post","link":"https:\/\/stacjarewitalizacja.pl\/?p=1","title":{"rendered":"Co to za miejsce?"},"content":{"rendered":"<h2>STACJA REWITALIZACJA to jedyne miejsce w \u0141odzi po\u015bwi\u0119cone \u0142\u00f3dzkim kamienicom i procesowi rewitalizacji miasta.<\/p>\n<p>To tutaj om\u00f3wisz szczeg\u00f3\u0142y procesu certyfikacji Twojej inwestycji przy wyj\u0105tkowej indonezyjskiej kawie i wyj\u0105tkowym docenianym przez wielu klimacie.<br \/>\nTylko w naszej galerii mo\u017cesz naby\u0107 wyj\u0105tkowe szkice i akwarele wybranych \u0142\u00f3dzkich kamienic oraz przestrzeni centrum \u0141odzi.<\/p>\n<p>Mamy dla Ciebie r\u00f3wnie\u017c unikatowe magnesy pami\u0105tkowe z \u0141odzi w formie odlew\u00f3w elewacji kamienicy Hilarego Majewskiego przy ulicy W\u0142\u00f3kienniczej 11 oraz w formie szkic\u00f3w przeniesionych na p\u0142aski magnes.<\/p>\n<p>Je\u015bli szukasz czego\u015b naprawd\u0119 wyj\u0105tkowego w swojej ofercie posiadamy r\u00f3wnie\u017c oryginalne szkice i akwarele.<\/p>\n<p>ZAPRASZAMY na wyj\u0105tkow\u0105 podr\u00f3\u017c do jedynego takiego miasta i na jedyn\u0105 tak\u0105 ulic\u0119!!!<\/p>\n<p>\u0141\u00d3D\u0179 &#8211; ULICA W\u0141\u00d3KIENNICZA<br \/><\/h2>\n","protected":false},"excerpt":{"rendered":"<p>STACJA REWITALIZACJA to jedyne miejsce w \u0141odzi po\u015bwi\u0119cone \u0142\u00f3dzkim kamienicom i procesowi rewitalizacji miasta. To tutaj om\u00f3wisz szczeg\u00f3\u0142y procesu certyfikacji Twojej inwestycji przy wyj\u0105tkowej indonezyjskiej kawie i wyj\u0105tkowym docenianym przez wielu klimacie. Tylko w naszej galerii mo\u017cesz naby\u0107 wyj\u0105tkowe szkice i akwarele wybranych \u0142\u00f3dzkich kamienic oraz przestrzeni centrum \u0141odzi. Mamy dla Ciebie r\u00f3wnie\u017c unikatowe magnesy&#8230;<\/p>\n","protected":false},"author":1,"featured_media":0,"comment_status":"open","ping_status":"open","sticky":false,"template":"","format":"standard","meta":{"_kadence_starter_templates_imported_post":false,"_kad_post_transparent":"","_kad_post_title":"","_kad_post_layout":"","_kad_post_sidebar_id":"","_kad_post_content_style":"","_kad_post_vertical_padding":"","_kad_post_feature":"","_kad_post_feature_position":"","_kad_post_header":false,"_kad_post_footer":false,"footnotes":""},"categories":[16],"tags":[6,4,9,5,3,10,11,7],"class_list":["post-1","post","type-post","status-publish","format-standard","hentry","category-o-nas","tag-lodz","tag-marcinobijalski","tag-pamiatki-2","tag-rewitalizacja","tag-stacjarewitalizacja","tag-wlokiennicza","tag-wlokiennicza-2","tag-lodz-2"],"_links":{"self":[{"href":"https:\/\/stacjarewitalizacja.pl\/index.php?rest_route=\/wp\/v2\/posts\/1","targetHints":{"allow":["GET"]}}],"collection":[{"href":"https:\/\/stacjarewitalizacja.pl\/index.php?rest_route=\/wp\/v2\/posts"}],"about":[{"href":"https:\/\/stacjarewitalizacja.pl\/index.php?rest_route=\/wp\/v2\/types\/post"}],"author":[{"embeddable":true,"href":"https:\/\/stacjarewitalizacja.pl\/index.php?rest_route=\/wp\/v2\/users\/1"}],"replies":[{"embeddable":true,"href":"https:\/\/stacjarewitalizacja.pl\/index.php?rest_route=%2Fwp%2Fv2%2Fcomments&post=1"}],"version-history":[{"count":19,"href":"https:\/\/stacjarewitalizacja.pl\/index.php?rest_route=\/wp\/v2\/posts\/1\/revisions"}],"predecessor-version":[{"id":512,"href":"https:\/\/stacjarewitalizacja.pl\/index.php?rest_route=\/wp\/v2\/posts\/1\/revisions\/512"}],"wp:attachment":[{"href":"https:\/\/stacjarewitalizacja.pl\/index.php?rest_route=%2Fwp%2Fv2%2Fmedia&parent=1"}],"wp:term":[{"taxonomy":"category","embeddable":true,"href":"https:\/\/stacjarewitalizacja.pl\/index.php?rest_route=%2Fwp%2Fv2%2Fcategories&post=1"},{"taxonomy":"post_tag","embeddable":true,"href":"https:\/\/stacjarewitalizacja.pl\/index.php?rest_route=%2Fwp%2Fv2%2Ftags&post=1"}],"curies":[{"name":"wp","href":"https:\/\/api.w.org\/{rel}","templated":true}]}}