{"id":36,"date":"2024-10-03T10:15:58","date_gmt":"2024-10-03T10:15:58","guid":{"rendered":"https:\/\/stacjarewitalizacja.pl\/?p=36"},"modified":"2025-02-26T12:46:28","modified_gmt":"2025-02-26T12:46:28","slug":"misja","status":"publish","type":"post","link":"https:\/\/stacjarewitalizacja.pl\/?p=36","title":{"rendered":"Misja"},"content":{"rendered":"<p>Marka <strong>Stacja Rewitalizacja\u00ae <\/strong>powsta\u0142a w celu promowania procesu rewitalizacji jako narz\u0119dzia skutecznych przemian zdegradowanych obszar\u00f3w miast.<\/p>\n<p>Ulica W\u0142\u00f3kiennicza nie by\u0142a przypadkowym wyborem co do lokalizacji siedziby firmy b\u0119d\u0105cej w\u0142a\u015bcicielem marki <strong>Stacja Rewitalizacja\u00ae<\/strong> &#8211; to w\u0142a\u015bnie tutaj najlepiej wida\u0107 ogromny potencja\u0142, pi\u0119kno i czu\u0107 klimat wielkomiejskiej \u0141odzi.<\/p>\n<p>Jednocze\u015bnie ulica W\u0142\u00f3kiennicza jest przyk\u0142adem pokazuj\u0105cym jak dobrze zaplanowana i zrealizowana rewitalizacja mo\u017ce zmieni\u0107 nawet najbardziej zdegradowane obszary miasta i uczyni\u0107 z nich jego wizyt\u00f3wk\u0119.<\/p>\n<p>Chcemy zach\u0119ci\u0107 <strong>prywatnych inwestor\u00f3w<\/strong> do uwzgl\u0119dniania w swoich inwestycjach <strong>kontekstu rewitalizacji miasta<\/strong> a <strong>dla najlepszych<\/strong> proponujemy udzia\u0142 w <strong>Systemie Certyfikacji Inwestycji<\/strong>, daj\u0105cym mo\u017cliwo\u015b\u0107 wyr\u00f3\u017cnienia si\u0119 na tle konkurencji i udzielenie prawa do wykorzystywania marki <strong>Stacja Rewitalizacja\u00ae,\u00a0<\/strong>w ramach prowadzonych dzia\u0142a\u0144 promuj\u0105cych inwestycj\u0119.<\/p>\n<h2>Zdj\u0119cia ulicy W\u0142\u00f3kienniczej przed procesem rewitalizacji obszarowej<\/h2>\n<figure>\n\t\t\t\t\t\t\t\t\t\t<img fetchpriority=\"high\" decoding=\"async\" width=\"768\" height=\"449\" src=\"https:\/\/stacjarewitalizacja.pl\/wp-content\/uploads\/2024\/10\/wlokiennicza-6-przed-768x449.jpg\" alt=\"\" srcset=\"https:\/\/stacjarewitalizacja.pl\/wp-content\/uploads\/2024\/10\/wlokiennicza-6-przed-768x449.jpg 768w, https:\/\/stacjarewitalizacja.pl\/wp-content\/uploads\/2024\/10\/wlokiennicza-6-przed-300x175.jpg 300w, https:\/\/stacjarewitalizacja.pl\/wp-content\/uploads\/2024\/10\/wlokiennicza-6-przed-1024x598.jpg 1024w, https:\/\/stacjarewitalizacja.pl\/wp-content\/uploads\/2024\/10\/wlokiennicza-6-przed-1536x897.jpg 1536w, https:\/\/stacjarewitalizacja.pl\/wp-content\/uploads\/2024\/10\/wlokiennicza-6-przed-2048x1196.jpg 2048w\" sizes=\"(max-width: 768px) 100vw, 768px\" \/><figcaption>W\u0142\u00f3kiennicza 6 (obecne &#8222;kariatydy&#8221; i siedziba Stacji Rewitalizacji)<\/figcaption><\/figure>\n<figure>\n\t\t\t\t\t\t\t\t\t\t<img decoding=\"async\" width=\"768\" height=\"462\" src=\"https:\/\/stacjarewitalizacja.pl\/wp-content\/uploads\/2024\/10\/Wlokiennicza-przed-1-768x462.jpg\" alt=\"\" srcset=\"https:\/\/stacjarewitalizacja.pl\/wp-content\/uploads\/2024\/10\/Wlokiennicza-przed-1-768x462.jpg 768w, https:\/\/stacjarewitalizacja.pl\/wp-content\/uploads\/2024\/10\/Wlokiennicza-przed-1-300x181.jpg 300w, https:\/\/stacjarewitalizacja.pl\/wp-content\/uploads\/2024\/10\/Wlokiennicza-przed-1-1024x616.jpg 1024w, https:\/\/stacjarewitalizacja.pl\/wp-content\/uploads\/2024\/10\/Wlokiennicza-przed-1-1536x925.jpg 1536w, https:\/\/stacjarewitalizacja.pl\/wp-content\/uploads\/2024\/10\/Wlokiennicza-przed-1.jpg 1701w\" sizes=\"(max-width: 768px) 100vw, 768px\" \/><figcaption>Ulica W\u0142\u00f3kiennicza przed rewitalizacj\u0105 obszarow\u0105<\/figcaption><\/figure>\n<figure>\n\t\t\t\t\t\t\t\t\t\t<img decoding=\"async\" width=\"768\" height=\"511\" src=\"https:\/\/stacjarewitalizacja.pl\/wp-content\/uploads\/2024\/10\/Wlokiennicza-przed-3-768x511.jpg\" alt=\"\" srcset=\"https:\/\/stacjarewitalizacja.pl\/wp-content\/uploads\/2024\/10\/Wlokiennicza-przed-3-768x511.jpg 768w, https:\/\/stacjarewitalizacja.pl\/wp-content\/uploads\/2024\/10\/Wlokiennicza-przed-3-300x199.jpg 300w, https:\/\/stacjarewitalizacja.pl\/wp-content\/uploads\/2024\/10\/Wlokiennicza-przed-3-1024x681.jpg 1024w, https:\/\/stacjarewitalizacja.pl\/wp-content\/uploads\/2024\/10\/Wlokiennicza-przed-3-1536x1021.jpg 1536w, https:\/\/stacjarewitalizacja.pl\/wp-content\/uploads\/2024\/10\/Wlokiennicza-przed-3-2048x1362.jpg 2048w\" sizes=\"(max-width: 768px) 100vw, 768px\" \/><figcaption>Po lewej wykusze kamienicy Hilarego Majewskiego przy W\u0142\u00f3kienniczej 11<\/figcaption><\/figure>\n","protected":false},"excerpt":{"rendered":"<p>Marka Stacja Rewitalizacja\u00ae powsta\u0142a w celu promowania procesu rewitalizacji jako narz\u0119dzia skutecznych przemian zdegradowanych obszar\u00f3w miast. Ulica W\u0142\u00f3kiennicza nie by\u0142a przypadkowym wyborem co do lokalizacji siedziby firmy b\u0119d\u0105cej w\u0142a\u015bcicielem marki Stacja Rewitalizacja\u00ae &#8211; to w\u0142a\u015bnie tutaj najlepiej wida\u0107 ogromny potencja\u0142, pi\u0119kno i czu\u0107 klimat wielkomiejskiej \u0141odzi. Jednocze\u015bnie ulica W\u0142\u00f3kiennicza jest przyk\u0142adem pokazuj\u0105cym jak dobrze zaplanowana&#8230;<\/p>\n","protected":false},"author":1,"featured_media":0,"comment_status":"open","ping_status":"open","sticky":false,"template":"","format":"standard","meta":{"_kadence_starter_templates_imported_post":false,"_kad_post_transparent":"","_kad_post_title":"","_kad_post_layout":"","_kad_post_sidebar_id":"","_kad_post_content_style":"","_kad_post_vertical_padding":"","_kad_post_feature":"","_kad_post_feature_position":"","_kad_post_header":false,"_kad_post_footer":false,"footnotes":""},"categories":[13],"tags":[],"class_list":["post-36","post","type-post","status-publish","format-standard","hentry","category-misja"],"_links":{"self":[{"href":"https:\/\/stacjarewitalizacja.pl\/index.php?rest_route=\/wp\/v2\/posts\/36","targetHints":{"allow":["GET"]}}],"collection":[{"href":"https:\/\/stacjarewitalizacja.pl\/index.php?rest_route=\/wp\/v2\/posts"}],"about":[{"href":"https:\/\/stacjarewitalizacja.pl\/index.php?rest_route=\/wp\/v2\/types\/post"}],"author":[{"embeddable":true,"href":"https:\/\/stacjarewitalizacja.pl\/index.php?rest_route=\/wp\/v2\/users\/1"}],"replies":[{"embeddable":true,"href":"https:\/\/stacjarewitalizacja.pl\/index.php?rest_route=%2Fwp%2Fv2%2Fcomments&post=36"}],"version-history":[{"count":22,"href":"https:\/\/stacjarewitalizacja.pl\/index.php?rest_route=\/wp\/v2\/posts\/36\/revisions"}],"predecessor-version":[{"id":506,"href":"https:\/\/stacjarewitalizacja.pl\/index.php?rest_route=\/wp\/v2\/posts\/36\/revisions\/506"}],"wp:attachment":[{"href":"https:\/\/stacjarewitalizacja.pl\/index.php?rest_route=%2Fwp%2Fv2%2Fmedia&parent=36"}],"wp:term":[{"taxonomy":"category","embeddable":true,"href":"https:\/\/stacjarewitalizacja.pl\/index.php?rest_route=%2Fwp%2Fv2%2Fcategories&post=36"},{"taxonomy":"post_tag","embeddable":true,"href":"https:\/\/stacjarewitalizacja.pl\/index.php?rest_route=%2Fwp%2Fv2%2Ftags&post=36"}],"curies":[{"name":"wp","href":"https:\/\/api.w.org\/{rel}","templated":true}]}}